{"id":636,"date":"2020-07-08T08:09:04","date_gmt":"2020-07-08T08:09:04","guid":{"rendered":"http:\/\/velvetevents.es\/?p=636"},"modified":"2020-12-23T09:07:53","modified_gmt":"2020-12-23T09:07:53","slug":"alguns-dies-dahir","status":"publish","type":"post","link":"http:\/\/velvetevents.es\/?p=636","title":{"rendered":"Alguns dies d\u2019ahir"},"content":{"rendered":"<p>La fam\u00edlia Font, que viu en una poblaci\u00f3 a uns trenta minuts de Barcelona i de poc m\u00e9s de deu mil habitants, veu sacsejada la seva quotidianitat a partir dels fets pol\u00edtics que succeeixen a Catalunya durant els mesos de setembre, octubre, novembre i desembre de 2017.<\/p>\n<p>En set dies posteriors a altres set dies pol\u00edticament molt determinants, la fam\u00edlia es troba al voltant d\u2019una taula i comenta o discuteix el que passa a fora, el que els passa a dins i com aix\u00f2 els est\u00e0 transformant en una petita o gran mesura.<\/p>\n<p>Autoria: Jordi Casanovas<br \/>\nDirecci\u00f3: Ferran Utzet<br \/>\nInt\u00e8rprets: M\u00edriam Iscla, Abel Folk, Marta Oss\u00f3, Francesc Cu\u00e9llar<\/p>\n<p><a href=\"http:\/\/velvetevents.es\/wp-content\/uploads\/2020\/07\/ADDA_cartell_OK-baixa1.jpg\" rel=\"attachment wp-att-643\"><img decoding=\"async\" loading=\"lazy\" class=\"aligncenter size-large wp-image-643\" src=\"http:\/\/velvetevents.es\/wp-content\/uploads\/2020\/07\/ADDA_cartell_OK-baixa1-728x1024.jpg\" alt=\"ADDA_cartell_OK-baixa1\" width=\"550\" height=\"774\" srcset=\"http:\/\/velvetevents.es\/wp-content\/uploads\/2020\/07\/ADDA_cartell_OK-baixa1-728x1024.jpg 728w, http:\/\/velvetevents.es\/wp-content\/uploads\/2020\/07\/ADDA_cartell_OK-baixa1-213x300.jpg 213w, http:\/\/velvetevents.es\/wp-content\/uploads\/2020\/07\/ADDA_cartell_OK-baixa1-768x1080.jpg 768w, http:\/\/velvetevents.es\/wp-content\/uploads\/2020\/07\/ADDA_cartell_OK-baixa1-100x141.jpg 100w, http:\/\/velvetevents.es\/wp-content\/uploads\/2020\/07\/ADDA_cartell_OK-baixa1-150x211.jpg 150w, http:\/\/velvetevents.es\/wp-content\/uploads\/2020\/07\/ADDA_cartell_OK-baixa1-200x281.jpg 200w, http:\/\/velvetevents.es\/wp-content\/uploads\/2020\/07\/ADDA_cartell_OK-baixa1-300x422.jpg 300w, http:\/\/velvetevents.es\/wp-content\/uploads\/2020\/07\/ADDA_cartell_OK-baixa1-450x633.jpg 450w, http:\/\/velvetevents.es\/wp-content\/uploads\/2020\/07\/ADDA_cartell_OK-baixa1-600x844.jpg 600w, http:\/\/velvetevents.es\/wp-content\/uploads\/2020\/07\/ADDA_cartell_OK-baixa1-900x1265.jpg 900w\" sizes=\"(max-width: 550px) 100vw, 550px\" \/><\/a><\/p>\n","protected":false},"excerpt":{"rendered":"<p>La fam\u00edlia Font, que viu en una poblaci\u00f3 a uns trenta minuts de Barcelona i de poc m\u00e9s de deu mil habitants, veu sacsejada la seva quotidianitat a partir dels fets pol\u00edtics que succeeixen a Catalunya durant els mesos de<span class=\"ellipsis\">&hellip;<\/span><\/p>\n<div class=\"read-more\"><a href=\"http:\/\/velvetevents.es\/?p=636\">Read more &#8250;<\/a><\/div>\n<p><!-- end of .read-more --><\/p>\n","protected":false},"author":1,"featured_media":638,"comment_status":"closed","ping_status":"closed","sticky":false,"template":"","format":"standard","meta":[],"categories":[3],"tags":[],"_links":{"self":[{"href":"http:\/\/velvetevents.es\/index.php?rest_route=\/wp\/v2\/posts\/636"}],"collection":[{"href":"http:\/\/velvetevents.es\/index.php?rest_route=\/wp\/v2\/posts"}],"about":[{"href":"http:\/\/velvetevents.es\/index.php?rest_route=\/wp\/v2\/types\/post"}],"author":[{"embeddable":true,"href":"http:\/\/velvetevents.es\/index.php?rest_route=\/wp\/v2\/users\/1"}],"replies":[{"embeddable":true,"href":"http:\/\/velvetevents.es\/index.php?rest_route=%2Fwp%2Fv2%2Fcomments&post=636"}],"version-history":[{"count":5,"href":"http:\/\/velvetevents.es\/index.php?rest_route=\/wp\/v2\/posts\/636\/revisions"}],"predecessor-version":[{"id":649,"href":"http:\/\/velvetevents.es\/index.php?rest_route=\/wp\/v2\/posts\/636\/revisions\/649"}],"wp:featuredmedia":[{"embeddable":true,"href":"http:\/\/velvetevents.es\/index.php?rest_route=\/wp\/v2\/media\/638"}],"wp:attachment":[{"href":"http:\/\/velvetevents.es\/index.php?rest_route=%2Fwp%2Fv2%2Fmedia&parent=636"}],"wp:term":[{"taxonomy":"category","embeddable":true,"href":"http:\/\/velvetevents.es\/index.php?rest_route=%2Fwp%2Fv2%2Fcategories&post=636"},{"taxonomy":"post_tag","embeddable":true,"href":"http:\/\/velvetevents.es\/index.php?rest_route=%2Fwp%2Fv2%2Ftags&post=636"}],"curies":[{"name":"wp","href":"https:\/\/api.w.org\/{rel}","templated":true}]}}