{"id":559,"date":"2017-04-24T21:29:51","date_gmt":"2017-04-24T21:29:51","guid":{"rendered":"http:\/\/velvetevents.es\/?p=559"},"modified":"2017-04-24T21:29:51","modified_gmt":"2017-04-24T21:29:51","slug":"histories-distanbul","status":"publish","type":"post","link":"http:\/\/velvetevents.es\/?p=559","title":{"rendered":"Hist\u00f2ries d&#8217;Istanbul"},"content":{"rendered":"<p><a href=\"http:\/\/velvetevents.es\/wp-content\/uploads\/2017\/04\/Hist_2-900x600_c.jpg\" rel=\"attachment wp-att-560\"><img decoding=\"async\" loading=\"lazy\" src=\"http:\/\/velvetevents.es\/wp-content\/uploads\/2017\/04\/Hist_2-900x600_c-300x200.jpg\" alt=\"Hist_2-900x600_c\" width=\"300\" height=\"200\" class=\"alignleft size-medium wp-image-560\" srcset=\"http:\/\/velvetevents.es\/wp-content\/uploads\/2017\/04\/Hist_2-900x600_c-300x200.jpg 300w, http:\/\/velvetevents.es\/wp-content\/uploads\/2017\/04\/Hist_2-900x600_c-768x512.jpg 768w, http:\/\/velvetevents.es\/wp-content\/uploads\/2017\/04\/Hist_2-900x600_c-100x67.jpg 100w, http:\/\/velvetevents.es\/wp-content\/uploads\/2017\/04\/Hist_2-900x600_c-150x100.jpg 150w, http:\/\/velvetevents.es\/wp-content\/uploads\/2017\/04\/Hist_2-900x600_c-200x133.jpg 200w, http:\/\/velvetevents.es\/wp-content\/uploads\/2017\/04\/Hist_2-900x600_c-450x300.jpg 450w, http:\/\/velvetevents.es\/wp-content\/uploads\/2017\/04\/Hist_2-900x600_c-600x400.jpg 600w, http:\/\/velvetevents.es\/wp-content\/uploads\/2017\/04\/Hist_2-900x600_c.jpg 900w\" sizes=\"(max-width: 300px) 100vw, 300px\" \/><\/a><br \/>\nDotze personatges ens mostren, mitjan\u00e7ant un seguit d\u2019hist\u00f2ries creuades i amb un ritme marcat per la m\u00fasica otomana, la vida en una ciutat que fa de frontissa entre continents i cultures.<\/p>\n<p>\u00c9s un muntatge basat en l\u2019obra de Yesim \u00d6zsoy, actriu, directora i dramaturga turca que \u00e9s fundadora i directora art\u00edstica del Galata Perform d\u2019Istanbul. Partint dels meddahlik, una forma d\u2019art dram\u00e0tic turc que interpretava un \u00fanic actor i prenent com a estructura un ritme de la m\u00fasica cl\u00e0ssica otomana, el ritme aksak, el muntatge pren la forma d\u2019un mosaic de personatges que ens parlen d\u2019ells mateixos aix\u00ed com del lloc on viuen i el qu\u00e8 tot aix\u00f2 comporta. Aquest lloc \u00e9s Istanbul. Una ciutat on es barregen i s\u2019enfronten maneres diverses d\u2019entendre la pol\u00edtica, la religi\u00f3, la Tradici\u00f3, l\u2019amor, el patriotisme i en definitiva la Vida. Avui m\u00e9s que mai una ciutat on s\u2019agrupen milions d\u2019 anhels en tr\u00e0nsit, i que molts d\u2019ells, Com els dels nostres personatges s\u00f3n retinguts per raons diverses. Una ciutat que est\u00e0 sent decisiva per obrir o tancar les portes d\u2019Europa tant pels que n\u2019entren com pels que en surten. Istanbul esdev\u00e9 aix\u00ed un territori en ebullici\u00f3 dins d\u2019un estat en perp\u00e8tua agitaci\u00f3. Una agitaci\u00f3 i una sensibilitat que queda reflectida i es fa palesa a trav\u00e9s del testimoni d\u2019aquests dotze personatges.<\/p>\n<p>L\u2019espai sonor va a c\u00e0rrec del Grup de M\u00fasica Nuu, dedicat a donar un aire personal i electr\u00f2nic a tota la M\u00fasica de l\u2019espectacle, tant la de caire tradicional com la de caire m\u00e9s contemporani.<\/p>","protected":false},"excerpt":{"rendered":"<p>Dotze personatges ens mostren, mitjan\u00e7ant un seguit d\u2019hist\u00f2ries creuades i amb un ritme marcat per la m\u00fasica otomana, la vida en una ciutat que fa de frontissa entre continents i cultures. \u00c9s un muntatge basat en l\u2019obra de Yesim \u00d6zsoy,<span class=\"ellipsis\">&hellip;<\/span><\/p>\n<div class=\"read-more\"><a href=\"http:\/\/velvetevents.es\/?p=559\">Read more &#8250;<\/a><\/div>\n<p><!-- end of .read-more --><\/p>\n","protected":false},"author":1,"featured_media":560,"comment_status":"closed","ping_status":"open","sticky":false,"template":"","format":"standard","meta":[],"categories":[3],"tags":[],"_links":{"self":[{"href":"http:\/\/velvetevents.es\/index.php?rest_route=\/wp\/v2\/posts\/559"}],"collection":[{"href":"http:\/\/velvetevents.es\/index.php?rest_route=\/wp\/v2\/posts"}],"about":[{"href":"http:\/\/velvetevents.es\/index.php?rest_route=\/wp\/v2\/types\/post"}],"author":[{"embeddable":true,"href":"http:\/\/velvetevents.es\/index.php?rest_route=\/wp\/v2\/users\/1"}],"replies":[{"embeddable":true,"href":"http:\/\/velvetevents.es\/index.php?rest_route=%2Fwp%2Fv2%2Fcomments&post=559"}],"version-history":[{"count":1,"href":"http:\/\/velvetevents.es\/index.php?rest_route=\/wp\/v2\/posts\/559\/revisions"}],"predecessor-version":[{"id":561,"href":"http:\/\/velvetevents.es\/index.php?rest_route=\/wp\/v2\/posts\/559\/revisions\/561"}],"wp:featuredmedia":[{"embeddable":true,"href":"http:\/\/velvetevents.es\/index.php?rest_route=\/wp\/v2\/media\/560"}],"wp:attachment":[{"href":"http:\/\/velvetevents.es\/index.php?rest_route=%2Fwp%2Fv2%2Fmedia&parent=559"}],"wp:term":[{"taxonomy":"category","embeddable":true,"href":"http:\/\/velvetevents.es\/index.php?rest_route=%2Fwp%2Fv2%2Fcategories&post=559"},{"taxonomy":"post_tag","embeddable":true,"href":"http:\/\/velvetevents.es\/index.php?rest_route=%2Fwp%2Fv2%2Ftags&post=559"}],"curies":[{"name":"wp","href":"https:\/\/api.w.org\/{rel}","templated":true}]}}