{"id":413,"date":"2015-05-21T09:44:21","date_gmt":"2015-05-21T09:44:21","guid":{"rendered":"http:\/\/velvetevents.es\/?p=413"},"modified":"2016-05-26T14:28:05","modified_gmt":"2016-05-26T14:28:05","slug":"neus-catala-un-cel-de-plom","status":"publish","type":"post","link":"http:\/\/velvetevents.es\/?p=413","title":{"rendered":"Neus Catal\u00e0. Un cel de plom"},"content":{"rendered":"<p><img decoding=\"async\" loading=\"lazy\" src=\"http:\/\/velvetevents.es\/wp-content\/uploads\/2015\/05\/foto-300x257.jpg\" alt=\"foto\" width=\"300\" height=\"257\" class=\"alignnone size-medium wp-image-512\" srcset=\"http:\/\/velvetevents.es\/wp-content\/uploads\/2015\/05\/foto-300x257.jpg 300w, http:\/\/velvetevents.es\/wp-content\/uploads\/2015\/05\/foto-768x657.jpg 768w, http:\/\/velvetevents.es\/wp-content\/uploads\/2015\/05\/foto-1024x876.jpg 1024w, http:\/\/velvetevents.es\/wp-content\/uploads\/2015\/05\/foto-100x86.jpg 100w, http:\/\/velvetevents.es\/wp-content\/uploads\/2015\/05\/foto-150x128.jpg 150w, http:\/\/velvetevents.es\/wp-content\/uploads\/2015\/05\/foto-200x171.jpg 200w, http:\/\/velvetevents.es\/wp-content\/uploads\/2015\/05\/foto-450x385.jpg 450w, http:\/\/velvetevents.es\/wp-content\/uploads\/2015\/05\/foto-600x513.jpg 600w, http:\/\/velvetevents.es\/wp-content\/uploads\/2015\/05\/foto-900x770.jpg 900w\" sizes=\"(max-width: 300px) 100vw, 300px\" \/><\/p>\n<h2>Funcions realitzades: 69<\/h2>\n<h4>(Encara en gira)<\/h4>\n<p>Neus Catal\u00e0 i Pallej\u00e0 va n\u00e9ixer el 1915 en el si d&#8217;una fam\u00edlia pagesa dels Guiamets (Priorat). Un any despr\u00e9s d\u2019haver esclatat la Guerra Civil es va establir a Barcelona i es va implicar en la lluita antifeixista. La derrota republicana la va obligar a exiliar-se a Fran\u00e7a. Durant la Segona Guerra Mundial va col\u00b7laborar amb la resist\u00e8ncia francesa mentre va durar l\u2019ocupaci\u00f3 d\u2019aquest pa\u00eds per les tropes d\u2019Alemanya. Fou detinguda pels nazis i deportada als camps d\u2019extermini de Ravensbr\u00fcck i Holleischen. Hi va romandre fins a l&#8217;alliberament i ha dedicat la vida a recordar aquelles companyes de captiveri a les quals va sobreviure i amb qui va con\u00e8ixer l&#8217;horror, per\u00f2 tamb\u00e9 la solidaritat. La seva vida va ser novel\u00b7lada per l&#8217;escriptora Carme Mart\u00ed i ara puja als escenaris amb una dramat\u00fargia que ha captivat els espectadors i que defensa en solitari, en un espai nu, Merc\u00e8 Ar\u00e0nega. Amb emoci\u00f3 continguda i una interpretaci\u00f3 contundent, porta a l&#8217;escenari sense floritures innecess\u00e0ries les paraules de Neus Catal\u00e0. Fa reviure aix\u00ed l&#8217;horror durant un espectacle d&#8217;una hora llarga de durada que impacta per la intensitat interpretativa que aconsegueix la protagonista i que ens recorda un cop m\u00e9s la import\u00e0ncia de preservar la mem\u00f2ria.<\/p>\n<p>Una coproducci\u00f3 del Grec 2015 Festival de Barcelona i la Sala Muntaner.<br \/>\n<\/p>","protected":false},"excerpt":{"rendered":"<p>Funcions realitzades: 69 (Encara en gira) Neus Catal\u00e0 i Pallej\u00e0 va n\u00e9ixer el 1915 en el si d&#8217;una fam\u00edlia pagesa dels Guiamets (Priorat). Un any despr\u00e9s d\u2019haver esclatat la Guerra Civil es va establir a Barcelona i es va implicar<span class=\"ellipsis\">&hellip;<\/span><\/p>\n<div class=\"read-more\"><a href=\"http:\/\/velvetevents.es\/?p=413\">Read more &#8250;<\/a><\/div>\n<p><!-- end of .read-more --><\/p>\n","protected":false},"author":1,"featured_media":512,"comment_status":"closed","ping_status":"closed","sticky":false,"template":"","format":"standard","meta":[],"categories":[3],"tags":[],"_links":{"self":[{"href":"http:\/\/velvetevents.es\/index.php?rest_route=\/wp\/v2\/posts\/413"}],"collection":[{"href":"http:\/\/velvetevents.es\/index.php?rest_route=\/wp\/v2\/posts"}],"about":[{"href":"http:\/\/velvetevents.es\/index.php?rest_route=\/wp\/v2\/types\/post"}],"author":[{"embeddable":true,"href":"http:\/\/velvetevents.es\/index.php?rest_route=\/wp\/v2\/users\/1"}],"replies":[{"embeddable":true,"href":"http:\/\/velvetevents.es\/index.php?rest_route=%2Fwp%2Fv2%2Fcomments&post=413"}],"version-history":[{"count":8,"href":"http:\/\/velvetevents.es\/index.php?rest_route=\/wp\/v2\/posts\/413\/revisions"}],"predecessor-version":[{"id":513,"href":"http:\/\/velvetevents.es\/index.php?rest_route=\/wp\/v2\/posts\/413\/revisions\/513"}],"wp:featuredmedia":[{"embeddable":true,"href":"http:\/\/velvetevents.es\/index.php?rest_route=\/wp\/v2\/media\/512"}],"wp:attachment":[{"href":"http:\/\/velvetevents.es\/index.php?rest_route=%2Fwp%2Fv2%2Fmedia&parent=413"}],"wp:term":[{"taxonomy":"category","embeddable":true,"href":"http:\/\/velvetevents.es\/index.php?rest_route=%2Fwp%2Fv2%2Fcategories&post=413"},{"taxonomy":"post_tag","embeddable":true,"href":"http:\/\/velvetevents.es\/index.php?rest_route=%2Fwp%2Fv2%2Ftags&post=413"}],"curies":[{"name":"wp","href":"https:\/\/api.w.org\/{rel}","templated":true}]}}