{"id":280,"date":"2013-05-06T11:07:09","date_gmt":"2013-05-06T11:07:09","guid":{"rendered":"http:\/\/velvetevents.es\/?p=280"},"modified":"2014-04-14T21:44:09","modified_gmt":"2014-04-14T21:44:09","slug":"produccion-de-la-inauguracion-del-mercat-del-born-y-actos-conmemorativos-del-tricentenario-del-1714","status":"publish","type":"post","link":"http:\/\/velvetevents.es\/?p=280","title":{"rendered":"Producci\u00f3 de la inauguraci\u00f3 del Mercat del Born i actes conmemoratius del tricentenari del 1714"},"content":{"rendered":"<p><a href=\"http:\/\/velvetevents.es\/wp-content\/uploads\/2014\/04\/auca2.jpg\"><img decoding=\"async\" loading=\"lazy\" class=\"alignnone size-medium wp-image-281\" alt=\"auca2\" src=\"http:\/\/velvetevents.es\/wp-content\/uploads\/2014\/04\/auca2-300x200.jpg\" width=\"300\" height=\"200\" srcset=\"http:\/\/velvetevents.es\/wp-content\/uploads\/2014\/04\/auca2-300x200.jpg 300w, http:\/\/velvetevents.es\/wp-content\/uploads\/2014\/04\/auca2-100x66.jpg 100w, http:\/\/velvetevents.es\/wp-content\/uploads\/2014\/04\/auca2-150x100.jpg 150w, http:\/\/velvetevents.es\/wp-content\/uploads\/2014\/04\/auca2-200x133.jpg 200w, http:\/\/velvetevents.es\/wp-content\/uploads\/2014\/04\/auca2-450x300.jpg 450w, http:\/\/velvetevents.es\/wp-content\/uploads\/2014\/04\/auca2.jpg 560w\" sizes=\"(max-width: 300px) 100vw, 300px\" \/><\/a> <a href=\"http:\/\/velvetevents.es\/wp-content\/uploads\/2014\/04\/auca1.jpg\"><img decoding=\"async\" loading=\"lazy\" class=\"alignnone size-medium wp-image-282\" alt=\"auca1\" src=\"http:\/\/velvetevents.es\/wp-content\/uploads\/2014\/04\/auca1-300x196.jpg\" width=\"300\" height=\"196\" srcset=\"http:\/\/velvetevents.es\/wp-content\/uploads\/2014\/04\/auca1-300x196.jpg 300w, http:\/\/velvetevents.es\/wp-content\/uploads\/2014\/04\/auca1-1024x669.jpg 1024w, http:\/\/velvetevents.es\/wp-content\/uploads\/2014\/04\/auca1-100x65.jpg 100w, http:\/\/velvetevents.es\/wp-content\/uploads\/2014\/04\/auca1-150x98.jpg 150w, http:\/\/velvetevents.es\/wp-content\/uploads\/2014\/04\/auca1-200x130.jpg 200w, http:\/\/velvetevents.es\/wp-content\/uploads\/2014\/04\/auca1-450x294.jpg 450w, http:\/\/velvetevents.es\/wp-content\/uploads\/2014\/04\/auca1-600x392.jpg 600w, http:\/\/velvetevents.es\/wp-content\/uploads\/2014\/04\/auca1-900x588.jpg 900w, http:\/\/velvetevents.es\/wp-content\/uploads\/2014\/04\/auca1.jpg 1651w\" sizes=\"(max-width: 300px) 100vw, 300px\" \/><\/a><\/p>\n<p>&#8220;El tricentenari \u00e9s una doble oportunitat en qu\u00e8 podrem mostrar al m\u00f3n el millor de la ciutat i la seva creativitat&#8221;, ha destacat aquest mat\u00ed el periodista Toni Soler, comissari del programa d&#8217;actes del Tricentenari que organitza l&#8217;Ajuntament de Barcelona. En aquesta celebraci\u00f3, que comen\u00e7ar\u00e0 al setembre i durar\u00e0 tot un any, no nom\u00e9s es recorden els 300 anys de la desfeta de l&#8217;11 de setembre del 1714, sin\u00f3 que tamb\u00e9 se celebren tres segles de reivindicacions. Segons el comissari, es combinaran actes acad\u00e8mics i de participaci\u00f3 ciutadana perqu\u00e8 tothom es faci seva la celebraci\u00f3. El lema ser\u00e0 &#8216;Viure lliure&#8217;, per expressar la reivindicaci\u00f3 de la democr\u00e0cia, els drets, la just\u00edcia social, la identitat, la llibertat i el di\u00e0leg.<\/p>\n<p>L&#8217;acte inaugural ser\u00e0 una &#8216;Auca del Born&#8217;, 48 escenes al mercat del Born dirigides per Jordi Casanovas i amb 30 actors. Entre el programa \u2013que es pot trobar a la web\u00a0<a href=\"http:\/\/tricentenari.bcn.cat\/\">Tricentenari.bcn.cat<\/a>\u2013 destaca la participaci\u00f3 de reconeguts artistes, com l&#8217;activista xin\u00e8s Ai Wei Wei, Jordi Savall, Joan Fontcuberta o Ferran Adri\u00e0. The Pinker Tones firma la banda sonora del Tricentenari amb la seva peculiar versi\u00f3 d&#8221;En un noble sagrado firmamento&#8217;, de Francesc Valls.<\/p>\n<p>Entre la vuitantena d&#8217;activitats d&#8217;un programa que encara est\u00e0 obert i preveu m\u00e9s incorporacions destaca l&#8217;espectacle &#8216;Casanova en directe&#8217;, dirigit per Oriol Broggi, una exposici\u00f3 sobre &#8216;El m\u00f3n del 1714&#8217; al Museu d&#8217;Hist\u00f2ria de Barcelona, una trobada sobre novel\u00b7la hist\u00f2rica, un circuit d&#8217;arquitectura ef\u00edmera al carrer o un congr\u00e9s amb experts d&#8217;arreu del m\u00f3n sobre &#8216;Els tractats d&#8217;Utrecht&#8217; i la resist\u00e8ncia dels catalans. M\u00f2nica Terribas s&#8217;ocupar\u00e0 de fer un cicle de xerrades amb pensadors i intel\u00b7lectuals sobre &#8216;D.O. Europa&#8217;, Joan Fontcuberta construir\u00e0 un mural de grans dimensions amb fotografies impreses, Ferran Adri\u00e0 oferir\u00e0 un espectacle de cuina&#8230; Hi haur\u00e0 itineraris, concerts, confer\u00e8ncies, trobades i exposicions durant tot un any.<\/p>\n<p>A l&#8217;acte, l&#8217;alcalde Xavier Trias ha afirmat que &#8220;el programa d&#8217;activitats ser\u00e0 un mirall del que passa al pa\u00eds i un punt de trobada de la cultura catalana&#8221;, i el regidor de Cultura, Jaume Ciurana, ha reconegut &#8220;la tasca dels historiadors que han documentat els efectes de la guerra&#8221;. Tamb\u00e9 hi ha participat Miquel Cal\u00e7ada, comissari dels actes de la Generalitat, que ha afirmat que el 2014 ha de servir per posar de manifest els nostres valors i repensar el futur del pa\u00eds: &#8220;El 2014 no pot ser un any de planys, sin\u00f3 l&#8217;ocasi\u00f3 per plantejar-nos qu\u00e8 i com volem ser&#8221;.<\/p>","protected":false},"excerpt":{"rendered":"<p>&#8220;El tricentenari \u00e9s una doble oportunitat en qu\u00e8 podrem mostrar al m\u00f3n el millor de la ciutat i la seva creativitat&#8221;, ha destacat aquest mat\u00ed el periodista Toni Soler, comissari del programa d&#8217;actes del Tricentenari que organitza l&#8217;Ajuntament de Barcelona.<span class=\"ellipsis\">&hellip;<\/span><\/p>\n<div class=\"read-more\"><a href=\"http:\/\/velvetevents.es\/?p=280\">Read more &#8250;<\/a><\/div>\n<p><!-- end of .read-more --><\/p>\n","protected":false},"author":1,"featured_media":281,"comment_status":"closed","ping_status":"closed","sticky":false,"template":"","format":"standard","meta":[],"categories":[3],"tags":[],"_links":{"self":[{"href":"http:\/\/velvetevents.es\/index.php?rest_route=\/wp\/v2\/posts\/280"}],"collection":[{"href":"http:\/\/velvetevents.es\/index.php?rest_route=\/wp\/v2\/posts"}],"about":[{"href":"http:\/\/velvetevents.es\/index.php?rest_route=\/wp\/v2\/types\/post"}],"author":[{"embeddable":true,"href":"http:\/\/velvetevents.es\/index.php?rest_route=\/wp\/v2\/users\/1"}],"replies":[{"embeddable":true,"href":"http:\/\/velvetevents.es\/index.php?rest_route=%2Fwp%2Fv2%2Fcomments&post=280"}],"version-history":[{"count":2,"href":"http:\/\/velvetevents.es\/index.php?rest_route=\/wp\/v2\/posts\/280\/revisions"}],"predecessor-version":[{"id":345,"href":"http:\/\/velvetevents.es\/index.php?rest_route=\/wp\/v2\/posts\/280\/revisions\/345"}],"wp:featuredmedia":[{"embeddable":true,"href":"http:\/\/velvetevents.es\/index.php?rest_route=\/wp\/v2\/media\/281"}],"wp:attachment":[{"href":"http:\/\/velvetevents.es\/index.php?rest_route=%2Fwp%2Fv2%2Fmedia&parent=280"}],"wp:term":[{"taxonomy":"category","embeddable":true,"href":"http:\/\/velvetevents.es\/index.php?rest_route=%2Fwp%2Fv2%2Fcategories&post=280"},{"taxonomy":"post_tag","embeddable":true,"href":"http:\/\/velvetevents.es\/index.php?rest_route=%2Fwp%2Fv2%2Ftags&post=280"}],"curies":[{"name":"wp","href":"https:\/\/api.w.org\/{rel}","templated":true}]}}