{"id":143,"date":"2009-06-11T22:34:43","date_gmt":"2009-06-11T22:34:43","guid":{"rendered":"http:\/\/velvetevents.es\/?p=143"},"modified":"2014-04-14T21:37:59","modified_gmt":"2014-04-14T21:37:59","slug":"responsable-de-la-cerimonia-de-inauguracion-del-nuevo-estadio-de-lespanyol","status":"publish","type":"post","link":"http:\/\/velvetevents.es\/?p=143","title":{"rendered":"Responsable de la Cerim\u00f2nia d&#8217;inauguraci\u00f3 del nou estadi de l&#8217;Espanyol"},"content":{"rendered":"<p><a href=\"http:\/\/velvetevents.es\/wp-content\/uploads\/2014\/03\/ESTADI2Dins.jpg\"><img decoding=\"async\" loading=\"lazy\" class=\"alignnone size-medium wp-image-144\" alt=\"ESTADI2Dins\" src=\"http:\/\/velvetevents.es\/wp-content\/uploads\/2014\/03\/ESTADI2Dins-300x225.jpg\" width=\"300\" height=\"225\" srcset=\"http:\/\/velvetevents.es\/wp-content\/uploads\/2014\/03\/ESTADI2Dins-300x225.jpg 300w, http:\/\/velvetevents.es\/wp-content\/uploads\/2014\/03\/ESTADI2Dins-100x75.jpg 100w, http:\/\/velvetevents.es\/wp-content\/uploads\/2014\/03\/ESTADI2Dins-150x112.jpg 150w, http:\/\/velvetevents.es\/wp-content\/uploads\/2014\/03\/ESTADI2Dins-200x150.jpg 200w, http:\/\/velvetevents.es\/wp-content\/uploads\/2014\/03\/ESTADI2Dins-450x337.jpg 450w, http:\/\/velvetevents.es\/wp-content\/uploads\/2014\/03\/ESTADI2Dins.jpg 453w\" sizes=\"(max-width: 300px) 100vw, 300px\" \/><\/a><\/p>\n<p>Emoci\u00f3 i espectacle en un dia hist\u00f2ric<\/p>\n<p>Seguim gaudint!<\/p>\n<p>Obrim els ulls. \u00c9s avui, 2 d&#8217;agost. Avui, finalment. I l&#8217;espectacle que estem vivint ens el recorda a cada segon, amb el cor encongit i un nus en la gola. Milers de l\u00ednies s&#8217;han escrit i s&#8217;han llegit, per convertir-se en un somni cada vegada m\u00e9s gran, m\u00e9s esperat, m\u00e9s tangible. Un somni que avui ens deixar\u00e0 a tots una marca que mai se&#8217;ns esborrar\u00e0. \u00c9s el nostre dia, i l&#8217;estem gaudint al m\u00e0xim, amb una gran festa de la que en som part important, indispensable. Ens el mereixem.<\/p>\n<p>Despr\u00e9s de les m\u00faltiples activitats que s&#8217;han disposat a l&#8217;exterior de l&#8217;estadi, l&#8217;emoci\u00f3 s&#8217;ha traslladat a l&#8217;interior de la nostra nova casa. Primer, l&#8217;Eminent\u00edssim i Reverend\u00edssim Sr. Llu\u00eds Mart\u00ednez Sistach, cardenal arquebisbe de Barcelona ha bene\u00eft l&#8217;estadi. Uns minuts despr\u00e9s, el M. Hrble. Sr. Jos\u00e9 Montilla, president de la Generalitat, ha descobert una placa commemorativa de la inauguraci\u00f3 en la llotja d&#8217;autoritats.<\/p>\n<p>Despr\u00e9s s\u2019ha projectat en els videomarcadors el v\u00eddeo de TV3 \u201cL\u2019Estadi dels Somnis\u201d, en qu\u00e8 els presentadors d&#8217;Hat Trick Espanyol i tot el seu equip ens han ensenyat tots els secrets d&#8217;aquest espectacular estadi, portant-nos tamb\u00e9 les paraules dels que l&#8217;han fet possible.<\/p>\n<p>Despr\u00e9s d&#8217;aix\u00f2, ha arribat un altre dels moments esperats d&#8217;aquesta meravellosa tarda, l&#8217;actuaci\u00f3 castellera, a c\u00e0rrec de la Colla Castellera de l\u2019Espanyol, a la vegada que els voluntaris donaven la benvinguda a tots els presents formant dos gegants \u201cHola\u201d sobre la gespa. L&#8217;Anxaneta, en arribar al cim de la torre humana, ha estirat el lla\u00e7 que tots vol\u00edem estirar per obrir aquest somni, i que el nostre himne son\u00e9s poder\u00f3s en la nostra nova casa, a la vegada que es formava un escut gegant sobre la gespa. En la grada, que havia explotat en aplaudiments, els nusos en la gola s&#8217;havien desencadenat per donar pas a les irremeiables ll\u00e0grimes d&#8217;emoci\u00f3, de ser conscients d&#8217;estar vivint un somni de qu\u00e8 ja no despertarem.<\/p>\n<p>La festa ha seguit carregada de simbolisme i sentiment, quan han entrat un grup d&#8217;exjugadors de l&#8217;Espanyol, i de la seva m\u00e0 uns nens. Era la comuni\u00f3 del passat i del futur, portant conjuntament la gespa de Sarri\u00e0 i Montju\u00efc, llocs on el club perico ha seguit forjant la seva centen\u00e0ria hist\u00f2ria, mentre els voluntaris formaven sobre el verd l&#8217;any de la nostra fundaci\u00f3, i l&#8217;actual. Els veterans han plantat aquesta gespa en el nou tap\u00eds de Cornell\u00e0-El Prat, i els nens l&#8217;han regat, mentre sonava solemne el saxo de Pep Poblet i quatre periquitos han descendit per posar-se sobre el terreny de joc entre un castell de focs.<\/p>\n<p>Era impensable ni tan sols pestanyejar, ja que l&#8217;impactant espectacle seguia, aquesta vegada amb l&#8217;aparici\u00f3 de Deambulants i la seva coreografia a\u00e8ria, saltant al buit penjats des de la coberta superior desplegant unes precioses teles blanc-i-blaves. Les Xarxes Humanes de la Fura dels Baus han fet aparici\u00f3 llavors a ambd\u00f3s extrems del camp, i tot ha concl\u00f2s enmig d&#8217;una gran explosi\u00f3 de so, llums, color i aplaudiments, per deixar pas a la presentaci\u00f3 dels futbolistes de la primera plantilla.<\/p>\n<p>http:\/\/www.youtube.com\/watch?v=Fqv4X1krLAw<\/p>","protected":false},"excerpt":{"rendered":"<p>Emoci\u00f3 i espectacle en un dia hist\u00f2ric Seguim gaudint! Obrim els ulls. \u00c9s avui, 2 d&#8217;agost. Avui, finalment. I l&#8217;espectacle que estem vivint ens el recorda a cada segon, amb el cor encongit i un nus en la gola. Milers<span class=\"ellipsis\">&hellip;<\/span><\/p>\n<div class=\"read-more\"><a href=\"http:\/\/velvetevents.es\/?p=143\">Read more &#8250;<\/a><\/div>\n<p><!-- end of .read-more --><\/p>\n","protected":false},"author":1,"featured_media":144,"comment_status":"closed","ping_status":"closed","sticky":false,"template":"","format":"standard","meta":[],"categories":[3],"tags":[],"_links":{"self":[{"href":"http:\/\/velvetevents.es\/index.php?rest_route=\/wp\/v2\/posts\/143"}],"collection":[{"href":"http:\/\/velvetevents.es\/index.php?rest_route=\/wp\/v2\/posts"}],"about":[{"href":"http:\/\/velvetevents.es\/index.php?rest_route=\/wp\/v2\/types\/post"}],"author":[{"embeddable":true,"href":"http:\/\/velvetevents.es\/index.php?rest_route=\/wp\/v2\/users\/1"}],"replies":[{"embeddable":true,"href":"http:\/\/velvetevents.es\/index.php?rest_route=%2Fwp%2Fv2%2Fcomments&post=143"}],"version-history":[{"count":4,"href":"http:\/\/velvetevents.es\/index.php?rest_route=\/wp\/v2\/posts\/143\/revisions"}],"predecessor-version":[{"id":342,"href":"http:\/\/velvetevents.es\/index.php?rest_route=\/wp\/v2\/posts\/143\/revisions\/342"}],"wp:featuredmedia":[{"embeddable":true,"href":"http:\/\/velvetevents.es\/index.php?rest_route=\/wp\/v2\/media\/144"}],"wp:attachment":[{"href":"http:\/\/velvetevents.es\/index.php?rest_route=%2Fwp%2Fv2%2Fmedia&parent=143"}],"wp:term":[{"taxonomy":"category","embeddable":true,"href":"http:\/\/velvetevents.es\/index.php?rest_route=%2Fwp%2Fv2%2Fcategories&post=143"},{"taxonomy":"post_tag","embeddable":true,"href":"http:\/\/velvetevents.es\/index.php?rest_route=%2Fwp%2Fv2%2Ftags&post=143"}],"curies":[{"name":"wp","href":"https:\/\/api.w.org\/{rel}","templated":true}]}}